{"id":3829,"date":"2021-04-26T07:54:37","date_gmt":"2021-04-26T06:54:37","guid":{"rendered":"https:\/\/www.dos30.com\/actualidad\/?p=3829"},"modified":"2022-02-02T15:34:22","modified_gmt":"2022-02-02T14:34:22","slug":"audiencias-25-abril-2021","status":"publish","type":"post","link":"https:\/\/www.dos30.com\/actualidad\/2021\/04\/26\/audiencias-25-abril-2021\/","title":{"rendered":"AUDIENCIAS 25 ABRIL 2021"},"content":{"rendered":"<p><strong>&#8216;Mi hija&#8217; (17.2%) en Antena 3 destaca en el prime time como lo m\u00e1s visto del d\u00eda mientras Telecinco (14.5%) lidera el d\u00eda.<\/strong><\/p>\n<p><a href=\"https:\/\/www.dos30.com\/actualidad\/wp-content\/uploads\/2021\/04\/1-14.png\"><img loading=\"lazy\" decoding=\"async\" class=\"alignnone wp-image-3830\" src=\"https:\/\/www.dos30.com\/actualidad\/wp-content\/uploads\/2021\/04\/1-14-300x167.png\" alt=\"\" width=\"674\" height=\"375\" srcset=\"https:\/\/www.dos30.com\/actualidad\/wp-content\/uploads\/2021\/04\/1-14-300x167.png 300w, https:\/\/www.dos30.com\/actualidad\/wp-content\/uploads\/2021\/04\/1-14-768x427.png 768w, https:\/\/www.dos30.com\/actualidad\/wp-content\/uploads\/2021\/04\/1-14.png 951w\" sizes=\"auto, (max-width: 674px) 100vw, 674px\" \/><\/a><\/p>\n<p><strong><span class=\"r-18u37iz\">Mi Hija<\/span><\/strong><span class=\"css-901oao css-16my406 r-poiln3 r-bcqeeo r-qvutc0\">\u00a0se convierte en lo m\u00e1s visto del domingo al quedarse con el 17.2% de cuota, 2.564.000 espectadores y 54.6% de fidelidad. Mejora en un 46.6% la cuota de Antena 3 en el d\u00eda.<\/span><\/p>\n<p><strong><span class=\"r-18u37iz\">Supervivientes: Conexi\u00f3n Honduras<\/span><\/strong><span class=\"css-901oao css-16my406 r-poiln3 r-bcqeeo r-qvutc0\">\u00a0contin\u00faa por encima de los dos millones de espectadores al liderar su franja de emisi\u00f3n con un 18.6% de cuota, 2.141.000 espectadores y es visto en alg\u00fan momento por 7.158.000 personas. Aporta el 29.8% de la audiencia de Telecinco\u00a0<\/span>en el d\u00eda.<\/p>\n<p>Rafa Nadal\u00a0<span class=\"css-901oao css-16my406 r-poiln3 r-bcqeeo r-qvutc0\">conquista de nuevo el <\/span><strong><span class=\"r-18u37iz\">Trofeo Conde De God\u00f3<\/span><\/strong><span class=\"css-901oao css-16my406 r-poiln3 r-bcqeeo r-qvutc0\"> en <\/span><span class=\"r-18u37iz\">Tenis en RTVE<\/span><span class=\"css-901oao css-16my406 r-poiln3 r-bcqeeo r-qvutc0\"> ante el 11.5% de cuota, 1.556.000 espectadores y 26.2% de fidelidad.<\/span><\/p>\n<p><strong><span class=\"r-18u37iz\">Socialit\u00e9<\/span><\/strong><span class=\"css-901oao css-16my406 r-poiln3 r-bcqeeo r-qvutc0\"><strong>\u00a0<\/strong>lidera de su franja de emisi\u00f3n mejorando un 18.9% las herencias recibidas al quedarse con el 16.9% de cuota, 1.633.000 espectadores y es visto en alg\u00fan momento por 4.354.000 personas.<\/span><\/p>\n<p><span class=\"r-18u37iz\"><strong>Lo De \u00c9vole<\/strong>\u00a0<\/span><span class=\"css-901oao css-16my406 r-poiln3 r-bcqeeo r-qvutc0\">mejora un 51.3% la cuota de laSexta\u00a0<\/span>al firmar un 7.6% de cuota, 1.325.000 espectadores y 34.8% de fidelidad Su media de edad 52\u00a0a\u00f1os.<\/p>\n<p><a href=\"https:\/\/www.dos30.com\/actualidad\/wp-content\/uploads\/2021\/04\/4-14.png\"><img loading=\"lazy\" decoding=\"async\" class=\"alignnone wp-image-3833\" src=\"https:\/\/www.dos30.com\/actualidad\/wp-content\/uploads\/2021\/04\/4-14-300x85.png\" alt=\"\" width=\"678\" height=\"192\" srcset=\"https:\/\/www.dos30.com\/actualidad\/wp-content\/uploads\/2021\/04\/4-14-300x85.png 300w, https:\/\/www.dos30.com\/actualidad\/wp-content\/uploads\/2021\/04\/4-14.png 724w\" sizes=\"auto, (max-width: 678px) 100vw, 678px\" \/><\/a><\/p>\n<p><a href=\"https:\/\/www.dos30.com\/actualidad\/wp-content\/uploads\/2021\/04\/5-14.png\"><img loading=\"lazy\" decoding=\"async\" class=\"alignnone wp-image-3834\" src=\"https:\/\/www.dos30.com\/actualidad\/wp-content\/uploads\/2021\/04\/5-14-300x84.png\" alt=\"\" width=\"661\" height=\"185\" srcset=\"https:\/\/www.dos30.com\/actualidad\/wp-content\/uploads\/2021\/04\/5-14-300x84.png 300w, https:\/\/www.dos30.com\/actualidad\/wp-content\/uploads\/2021\/04\/5-14-768x214.png 768w, https:\/\/www.dos30.com\/actualidad\/wp-content\/uploads\/2021\/04\/5-14.png 854w\" sizes=\"auto, (max-width: 661px) 100vw, 661px\" \/><\/a><\/p>\n<p><a href=\"https:\/\/www.dos30.com\/actualidad\/wp-content\/uploads\/2021\/04\/2-14.png\"><img loading=\"lazy\" decoding=\"async\" class=\"alignnone wp-image-3831\" src=\"https:\/\/www.dos30.com\/actualidad\/wp-content\/uploads\/2021\/04\/2-14-300x176.png\" alt=\"\" width=\"665\" height=\"390\" srcset=\"https:\/\/www.dos30.com\/actualidad\/wp-content\/uploads\/2021\/04\/2-14-300x176.png 300w, https:\/\/www.dos30.com\/actualidad\/wp-content\/uploads\/2021\/04\/2-14-768x451.png 768w, https:\/\/www.dos30.com\/actualidad\/wp-content\/uploads\/2021\/04\/2-14.png 900w\" sizes=\"auto, (max-width: 665px) 100vw, 665px\" \/><\/a><\/p>\n<p><span class=\"css-901oao css-16my406 r-poiln3 r-bcqeeo r-qvutc0\">Gran prime time ayer en TV3: <strong>30 Minuts: La corona retratada<\/strong>\u00a0(<\/span><span class=\"css-901oao css-16my406 r-poiln3 r-bcqeeo r-qvutc0\">21.8%, 578.000 espectadores y 58.4% de fidelidad) y\u00a0<\/span><strong><span class=\"r-18u37iz\">El Judici<\/span><\/strong><span class=\"css-901oao css-16my406 r-poiln3 r-bcqeeo r-qvutc0\">\u00a0(15.2%, 302.000 espectadores y 52.2% de fidelidad).<\/span><\/p>\n<p><strong><span class=\"r-18u37iz\">Tierra De Sabores<\/span><\/strong><span class=\"css-901oao css-16my406 r-poiln3 r-bcqeeo r-qvutc0\"> sigue bien en la tarde de Canal Sur\u00a0<\/span>conquistando al 6.3% de cuota, 159.000 espectadores y 48.2% de fidelidad.<\/p>\n<p><strong><span class=\"r-18u37iz\">Desertores Do Asfalto<\/span><\/strong><span class=\"css-901oao css-16my406 r-poiln3 r-bcqeeo r-qvutc0\"> contin\u00faa en plena forma despu\u00e9s de su m\u00e1ximo de la semana pasada al firmar en la tarde de TVG\u00a0<\/span>un 8.7% de cuota, 75.000 espectadores y 62.1% de fidelidad. El 45% de sus espectadores repiten de la semana pasada.<\/p>\n<p><strong><span class=\"r-18u37iz\">L&#8217;Alqueria Blanca<\/span><\/strong><span class=\"css-901oao css-16my406 r-poiln3 r-bcqeeo r-qvutc0\"> contin\u00faa fort\u00edsimo como lo + visto de \u00c0 Punt\u00a0<\/span>en el d\u00eda subiendo al 8.4% de cuota, 175.000 espectadores y 56.3% de fidelidad. Dobla la media del canal en el d\u00eda. Alcanza el 10.5% de cuota entre los hombres.<\/p>\n<p><span class=\"css-901oao css-16my406 r-poiln3 r-bcqeeo r-qvutc0\">Gran estreno de <\/span><strong><span class=\"r-18u37iz\">El Campo Es Nuestro<\/span><\/strong><span class=\"css-901oao css-16my406 r-poiln3 r-bcqeeo r-qvutc0\"> en el prime time de Arag\u00f3n TV\u00a0<\/span><span class=\"css-901oao css-16my406 r-poiln3 r-bcqeeo r-qvutc0\">con un 9.6% de cuota, 43.000 espectadores y 49.5% de fidelidad.<\/span><\/p>\n<p><a href=\"https:\/\/www.dos30.com\/actualidad\/wp-content\/uploads\/2021\/04\/3-14.png\"><img loading=\"lazy\" decoding=\"async\" class=\"alignnone wp-image-3832\" src=\"https:\/\/www.dos30.com\/actualidad\/wp-content\/uploads\/2021\/04\/3-14-300x170.png\" alt=\"\" width=\"642\" height=\"364\" srcset=\"https:\/\/www.dos30.com\/actualidad\/wp-content\/uploads\/2021\/04\/3-14-300x170.png 300w, https:\/\/www.dos30.com\/actualidad\/wp-content\/uploads\/2021\/04\/3-14-768x435.png 768w, https:\/\/www.dos30.com\/actualidad\/wp-content\/uploads\/2021\/04\/3-14.png 892w\" sizes=\"auto, (max-width: 642px) 100vw, 642px\" \/><\/a><\/p>\n","protected":false},"excerpt":{"rendered":"<p>&#8216;Mi hija&#8217; (17.2%) en Antena 3 destaca en el prime time como lo m\u00e1s visto del d\u00eda mientras Telecinco (14.5%) lidera el d\u00eda. Mi Hija\u00a0se convierte en lo m\u00e1s visto del domingo al quedarse con el 17.2% de cuota, 2.564.000 espectadores y 54.6% de fidelidad. Mejora en un 46.6% la cuota de Antena 3 en &hellip; <a href=\"https:\/\/www.dos30.com\/actualidad\/2021\/04\/26\/audiencias-25-abril-2021\/\" class=\"more-link\">Sigue leyendo <span class=\"screen-reader-text\">AUDIENCIAS 25 ABRIL 2021<\/span><\/a><\/p>\n","protected":false},"author":1,"featured_media":0,"comment_status":"closed","ping_status":"open","sticky":false,"template":"","format":"standard","meta":{"footnotes":""},"categories":[24],"tags":[],"class_list":["post-3829","post","type-post","status-publish","format-standard","hentry","category-audiencias-diarias"],"_links":{"self":[{"href":"https:\/\/www.dos30.com\/actualidad\/wp-json\/wp\/v2\/posts\/3829","targetHints":{"allow":["GET"]}}],"collection":[{"href":"https:\/\/www.dos30.com\/actualidad\/wp-json\/wp\/v2\/posts"}],"about":[{"href":"https:\/\/www.dos30.com\/actualidad\/wp-json\/wp\/v2\/types\/post"}],"author":[{"embeddable":true,"href":"https:\/\/www.dos30.com\/actualidad\/wp-json\/wp\/v2\/users\/1"}],"replies":[{"embeddable":true,"href":"https:\/\/www.dos30.com\/actualidad\/wp-json\/wp\/v2\/comments?post=3829"}],"version-history":[{"count":4,"href":"https:\/\/www.dos30.com\/actualidad\/wp-json\/wp\/v2\/posts\/3829\/revisions"}],"predecessor-version":[{"id":3839,"href":"https:\/\/www.dos30.com\/actualidad\/wp-json\/wp\/v2\/posts\/3829\/revisions\/3839"}],"wp:attachment":[{"href":"https:\/\/www.dos30.com\/actualidad\/wp-json\/wp\/v2\/media?parent=3829"}],"wp:term":[{"taxonomy":"category","embeddable":true,"href":"https:\/\/www.dos30.com\/actualidad\/wp-json\/wp\/v2\/categories?post=3829"},{"taxonomy":"post_tag","embeddable":true,"href":"https:\/\/www.dos30.com\/actualidad\/wp-json\/wp\/v2\/tags?post=3829"}],"curies":[{"name":"wp","href":"https:\/\/api.w.org\/{rel}","templated":true}]}}