{"id":7524,"date":"2022-04-23T09:28:11","date_gmt":"2022-04-23T08:28:11","guid":{"rendered":"https:\/\/www.dos30.com\/actualidad\/?p=7524"},"modified":"2022-04-23T09:30:26","modified_gmt":"2022-04-23T08:30:26","slug":"audiencias-22-abril-2022","status":"publish","type":"post","link":"https:\/\/www.dos30.com\/actualidad\/2022\/04\/23\/audiencias-22-abril-2022\/","title":{"rendered":"AUDIENCIAS 22 ABRIL 2022"},"content":{"rendered":"\n<h2 class=\"wp-block-heading\">Antena 3 (14.7%) lidera el viernes y destaca con &#8216;El Desaf\u00edo&#8217;<\/h2>\n\n\n\n<figure class=\"wp-block-image size-full is-resized\"><img loading=\"lazy\" decoding=\"async\" src=\"https:\/\/www.dos30.com\/actualidad\/wp-content\/uploads\/2022\/04\/1.NACIONAL-13.jpg\" alt=\"\" class=\"wp-image-7526\" width=\"842\" height=\"435\" srcset=\"https:\/\/www.dos30.com\/actualidad\/wp-content\/uploads\/2022\/04\/1.NACIONAL-13.jpg 746w, https:\/\/www.dos30.com\/actualidad\/wp-content\/uploads\/2022\/04\/1.NACIONAL-13-300x155.jpg 300w\" sizes=\"auto, (max-width: 842px) 100vw, 842px\" \/><\/figure>\n\n\n\n<p>Anoche <strong>El Desaf\u00edo<\/strong> anot\u00f3 un 16% de share y fue visto por m\u00e1s de 1.9 millones de espectadores en el prime time de Antena 3. El programa presentado por Roberto Leal super\u00f3 los 5.5 millones de contactos.<\/p>\n\n\n\n<p><\/p>\n\n\n\n<p>M\u00e1s de 1.1 mill\u00f3n de espectadores vieron anoche <strong>Viernes Deluxe<\/strong> en prime time y fue el programa de mayor aportaci\u00f3n al dato de Telecinco de ayer! El programa presentado por Jorge Javier V\u00e1zquez firma un 12.7% de share y supera los 5.8 millones de contactos.<\/p>\n\n\n\n<p><\/p>\n\n\n\n<p><strong>Las Claves <\/strong>firma un 4.5% de share y 552.000 espectadores lo siguieron en el prime time de La1. El programa conducido por Javier Ruiz sum\u00f3 m\u00e1s de 3.7 millones de contactos y supone el 11.3% del dato de la cadena de ayer.<\/p>\n\n\n\n<p><\/p>\n\n\n\n<p>Noche de mucha actualidad y reportajes en laSexta: <strong>laSexta Columna <\/strong>anota un 6.4% de share y 868.000 espectadores; <strong>Equipo de Investigaci\u00f3n <\/strong>logra 5.8% de share y 795.000 espectadores.<\/p>\n\n\n\n<p><\/p>\n\n\n\n<p>Gran dato para <strong>La Hora<\/strong>, que ayer logr\u00f3 su mejor resultado del mes con el 9.5% de share y reuni\u00f3 a 252.000 espectadores en la ma\u00f1ana de La1. El programa mejora en un +29.2% la media de la cadena en el d\u00eda y supera los 1.6 millones de contactos!<\/p>\n\n\n\n<p><\/p>\n\n\n\n<figure class=\"wp-block-image size-full is-resized\"><img loading=\"lazy\" decoding=\"async\" src=\"https:\/\/www.dos30.com\/actualidad\/wp-content\/uploads\/2022\/04\/2.MINUTO-DE-ORO-13.jpg\" alt=\"\" class=\"wp-image-7527\" width=\"839\" height=\"227\" srcset=\"https:\/\/www.dos30.com\/actualidad\/wp-content\/uploads\/2022\/04\/2.MINUTO-DE-ORO-13.jpg 763w, https:\/\/www.dos30.com\/actualidad\/wp-content\/uploads\/2022\/04\/2.MINUTO-DE-ORO-13-300x81.jpg 300w\" sizes=\"auto, (max-width: 839px) 100vw, 839px\" \/><\/figure>\n\n\n\n<p><\/p>\n\n\n\n<figure class=\"wp-block-image size-full\"><img loading=\"lazy\" decoding=\"async\" width=\"874\" height=\"238\" src=\"https:\/\/www.dos30.com\/actualidad\/wp-content\/uploads\/2022\/04\/3.SPOT-DE-ORO-13.jpg\" alt=\"\" class=\"wp-image-7528\" srcset=\"https:\/\/www.dos30.com\/actualidad\/wp-content\/uploads\/2022\/04\/3.SPOT-DE-ORO-13.jpg 874w, https:\/\/www.dos30.com\/actualidad\/wp-content\/uploads\/2022\/04\/3.SPOT-DE-ORO-13-300x82.jpg 300w, https:\/\/www.dos30.com\/actualidad\/wp-content\/uploads\/2022\/04\/3.SPOT-DE-ORO-13-768x209.jpg 768w\" sizes=\"auto, (max-width: 874px) 100vw, 874px\" \/><\/figure>\n\n\n\n<figure class=\"wp-block-image size-full is-resized\"><img loading=\"lazy\" decoding=\"async\" src=\"https:\/\/www.dos30.com\/actualidad\/wp-content\/uploads\/2022\/04\/4.FORTA_-13.jpg\" alt=\"\" class=\"wp-image-7529\" width=\"837\" height=\"463\" srcset=\"https:\/\/www.dos30.com\/actualidad\/wp-content\/uploads\/2022\/04\/4.FORTA_-13.jpg 694w, https:\/\/www.dos30.com\/actualidad\/wp-content\/uploads\/2022\/04\/4.FORTA_-13-300x166.jpg 300w\" sizes=\"auto, (max-width: 837px) 100vw, 837px\" \/><\/figure>\n\n\n\n<p><strong>Atr\u00e1pame si puedes <\/strong>fue el espacio no informativo con m\u00e1s cuota de toda FORTA del viernes. El programa de Arag\u00f3n TV alcanz\u00f3 un gran 24.8% de share y fue seguido por 45.000 espectadores.<\/p>\n\n\n\n<p><\/p>\n\n\n\n<p>Molt b\u00e9 <strong>Euf\u00f2ria <\/strong>anoche al elevarse hasta el 18.2% de share en el prime time de TV3. Un total de 328.000 espectadores no se quisieron perder el programa y registra un gran 40.4% de fidelidad. \u00a1Excelente 25.1% de share en el target de 13 a 24 a\u00f1os!<\/p>\n\n\n\n<p><\/p>\n\n\n\n<p>Gran 16.6% de share para <strong>El Picu<\/strong> en la noche de la televisi\u00f3n asturiana. El programa presentado por Ana Francisco fue visto LO + VISTO de TPA, alcanzando los 65.000 espectadores.<\/p>\n\n\n\n<p><\/p>\n\n\n\n<p>\u00a1No hay duda de que <strong>La Tarde Aqu\u00ed y Ahora<\/strong> gusta mucho en Canal Sur! El programa ayer fue visto por 239.000 espectadores y un 11.6% de share. Alcanz\u00f3 los 541.000 contactos y supera en un +21.1% la media de la cadena en el d\u00eda.<\/p>\n\n\n\n<p><\/p>\n\n\n\n<figure class=\"wp-block-image size-full is-resized\"><img loading=\"lazy\" decoding=\"async\" src=\"https:\/\/www.dos30.com\/actualidad\/wp-content\/uploads\/2022\/04\/5.PAGO_-13.jpg\" alt=\"\" class=\"wp-image-7530\" width=\"841\" height=\"466\" srcset=\"https:\/\/www.dos30.com\/actualidad\/wp-content\/uploads\/2022\/04\/5.PAGO_-13.jpg 693w, https:\/\/www.dos30.com\/actualidad\/wp-content\/uploads\/2022\/04\/5.PAGO_-13-300x166.jpg 300w\" sizes=\"auto, (max-width: 841px) 100vw, 841px\" \/><\/figure>\n","protected":false},"excerpt":{"rendered":"<p>Antena 3 (14.7%) lidera el viernes y destaca con &#8216;El Desaf\u00edo&#8217; Anoche El Desaf\u00edo anot\u00f3 un 16% de share y fue visto por m\u00e1s de 1.9 millones de espectadores en el prime time de Antena 3. El programa presentado por Roberto Leal super\u00f3 los 5.5 millones de contactos. M\u00e1s de 1.1 mill\u00f3n de espectadores vieron &hellip; <a href=\"https:\/\/www.dos30.com\/actualidad\/2022\/04\/23\/audiencias-22-abril-2022\/\" class=\"more-link\">Sigue leyendo <span class=\"screen-reader-text\">AUDIENCIAS 22 ABRIL 2022<\/span><\/a><\/p>\n","protected":false},"author":1,"featured_media":0,"comment_status":"closed","ping_status":"open","sticky":false,"template":"","format":"standard","meta":{"footnotes":""},"categories":[24],"tags":[],"class_list":["post-7524","post","type-post","status-publish","format-standard","hentry","category-audiencias-diarias"],"_links":{"self":[{"href":"https:\/\/www.dos30.com\/actualidad\/wp-json\/wp\/v2\/posts\/7524","targetHints":{"allow":["GET"]}}],"collection":[{"href":"https:\/\/www.dos30.com\/actualidad\/wp-json\/wp\/v2\/posts"}],"about":[{"href":"https:\/\/www.dos30.com\/actualidad\/wp-json\/wp\/v2\/types\/post"}],"author":[{"embeddable":true,"href":"https:\/\/www.dos30.com\/actualidad\/wp-json\/wp\/v2\/users\/1"}],"replies":[{"embeddable":true,"href":"https:\/\/www.dos30.com\/actualidad\/wp-json\/wp\/v2\/comments?post=7524"}],"version-history":[{"count":2,"href":"https:\/\/www.dos30.com\/actualidad\/wp-json\/wp\/v2\/posts\/7524\/revisions"}],"predecessor-version":[{"id":7532,"href":"https:\/\/www.dos30.com\/actualidad\/wp-json\/wp\/v2\/posts\/7524\/revisions\/7532"}],"wp:attachment":[{"href":"https:\/\/www.dos30.com\/actualidad\/wp-json\/wp\/v2\/media?parent=7524"}],"wp:term":[{"taxonomy":"category","embeddable":true,"href":"https:\/\/www.dos30.com\/actualidad\/wp-json\/wp\/v2\/categories?post=7524"},{"taxonomy":"post_tag","embeddable":true,"href":"https:\/\/www.dos30.com\/actualidad\/wp-json\/wp\/v2\/tags?post=7524"}],"curies":[{"name":"wp","href":"https:\/\/api.w.org\/{rel}","templated":true}]}}