{"id":7576,"date":"2022-04-28T08:05:05","date_gmt":"2022-04-28T07:05:05","guid":{"rendered":"https:\/\/www.dos30.com\/actualidad\/?p=7576"},"modified":"2022-04-28T08:06:22","modified_gmt":"2022-04-28T07:06:22","slug":"audiencias-27-abril-2022","status":"publish","type":"post","link":"https:\/\/www.dos30.com\/actualidad\/2022\/04\/28\/audiencias-27-abril-2022\/","title":{"rendered":"AUDIENCIAS 27 ABRIL 2022"},"content":{"rendered":"\n<h2 class=\"wp-block-heading\">&#8216;Alba&#8217; contin\u00faa liderando su franja y &#8216;S\u00e1lvame&#8217; celebr\u00f3 ayer 13 a\u00f1os en nuestra televisi\u00f3n<\/h2>\n\n\n\n<figure class=\"wp-block-image size-full is-resized\"><img loading=\"lazy\" decoding=\"async\" src=\"https:\/\/www.dos30.com\/actualidad\/wp-content\/uploads\/2022\/04\/1.NACIONAL-17.jpg\" alt=\"\" class=\"wp-image-7578\" width=\"840\" height=\"475\" srcset=\"https:\/\/www.dos30.com\/actualidad\/wp-content\/uploads\/2022\/04\/1.NACIONAL-17.jpg 721w, https:\/\/www.dos30.com\/actualidad\/wp-content\/uploads\/2022\/04\/1.NACIONAL-17-300x170.jpg 300w\" sizes=\"auto, (max-width: 840px) 100vw, 840px\" \/><\/figure>\n\n\n\n<p>Cap\u00edtulazo de <strong>Alba <\/strong>en el prime de Antena 3 enamorando al 13.8% de cuota, 1.616.000 espectadores y 53.9% de fidelidad. \u00a1Mejor dato de los \u00faltimos 4 episodios! Suma 54.000 en Diferido. \u00a1Enhorabuena amig@s de Grupo Boomerang TV por esta gran serie!<\/p>\n\n\n\n<p><\/p>\n\n\n\n<p><strong>Pasi\u00f3n de Gavilanes <\/strong>promedia un 7.8% de share y re\u00fane a 689.000 espectadores de media en sus 3 episodios en el prime time de Telecinco. La serie supera los 2.7 millones de contactos acumulados y registra un 48.4% de fidelidad media.<\/p>\n\n\n\n<p><\/p>\n\n\n\n<p><strong>Planeta Calleja <\/strong>con Jes\u00fas Calleja al frente firma un 8.2% de share y re\u00fane a 857.000 espectadores en el prime time de Cuatro. El programa de ayer super\u00f3 en un +58.4% la media de la cadena en el d\u00eda y logr\u00f3 m\u00e1s de 3.3 millones de contactos.<\/p>\n\n\n\n<p><\/p>\n\n\n\n<p>El primer episodio de <strong>Enred@d@s<\/strong> con Sara Escudero y Mar\u00eda G\u00f3mez comienza en La1 con un 3.6% de cuota, 540.000 espectadores y 28.6% de fidelidad. \u00a1Estaremos muy atentos a su evoluci\u00f3n!<\/p>\n\n\n\n<p><\/p>\n\n\n\n<p>Enorme <strong>S\u00e1lvame<\/strong> promediando en sus 4 horas un 14.2% de cuota, 1.345.000 espectadores y aportando el 30% de la audiencia de Telecinco. \u00a1L\u00edder con +1.1 puntos! <strong>S\u00e1lvame Lim\u00f3n <\/strong>anota un 12.9% y 1.4 millones de espectadores, siendo su mejor dato desde enero y <strong>S\u00e1lvame Naranja<\/strong> firma un 14.6% y 1.3 millones de espectadores, su mejor dato de todo abril. \u00a1MUY BIEN!<\/p>\n\n\n\n<p><\/p>\n\n\n\n<figure class=\"wp-block-image size-full is-resized\"><img loading=\"lazy\" decoding=\"async\" src=\"https:\/\/www.dos30.com\/actualidad\/wp-content\/uploads\/2022\/04\/2.MINUTO-DE-ORO-17.jpg\" alt=\"\" class=\"wp-image-7579\" width=\"839\" height=\"235\" srcset=\"https:\/\/www.dos30.com\/actualidad\/wp-content\/uploads\/2022\/04\/2.MINUTO-DE-ORO-17.jpg 593w, https:\/\/www.dos30.com\/actualidad\/wp-content\/uploads\/2022\/04\/2.MINUTO-DE-ORO-17-300x84.jpg 300w\" sizes=\"auto, (max-width: 839px) 100vw, 839px\" \/><\/figure>\n\n\n\n<figure class=\"wp-block-image size-full is-resized\"><img loading=\"lazy\" decoding=\"async\" src=\"https:\/\/www.dos30.com\/actualidad\/wp-content\/uploads\/2022\/04\/3.SPOT-DE-ORO-17.jpg\" alt=\"\" class=\"wp-image-7580\" width=\"840\" height=\"229\" srcset=\"https:\/\/www.dos30.com\/actualidad\/wp-content\/uploads\/2022\/04\/3.SPOT-DE-ORO-17.jpg 702w, https:\/\/www.dos30.com\/actualidad\/wp-content\/uploads\/2022\/04\/3.SPOT-DE-ORO-17-300x82.jpg 300w\" sizes=\"auto, (max-width: 840px) 100vw, 840px\" \/><\/figure>\n\n\n\n<figure class=\"wp-block-image size-full is-resized\"><img loading=\"lazy\" decoding=\"async\" src=\"https:\/\/www.dos30.com\/actualidad\/wp-content\/uploads\/2022\/04\/4.FORTA_-17.jpg\" alt=\"\" class=\"wp-image-7581\" width=\"843\" height=\"512\" srcset=\"https:\/\/www.dos30.com\/actualidad\/wp-content\/uploads\/2022\/04\/4.FORTA_-17.jpg 673w, https:\/\/www.dos30.com\/actualidad\/wp-content\/uploads\/2022\/04\/4.FORTA_-17-300x182.jpg 300w\" sizes=\"auto, (max-width: 843px) 100vw, 843px\" \/><\/figure>\n\n\n\n<p>No falla d\u00eda tras d\u00eda <strong>Quen Anda Ai?<\/strong> en la tarde de TVG subiendo al 11.7% de cuota, 56.000 espectadores y 34.4% de fidelidad. Importante su aportaci\u00f3n del 18.3% a la audiencia del canal en el d\u00eda. \u00a1Un 35.4% de cuota de 13 a 24 a\u00f1os!<\/p>\n\n\n\n<p><\/p>\n\n\n\n<p>Enamorado nos tiene <strong>Gente Maravillosa<\/strong> subiendo hasta el 10.6% de cuota, 220.000 espectadores y llegando a 726.000 contactos \u00fanicos. Su fidelidad del 30.3% produce un +11.1% de plusval\u00edas con Canal Sur.<\/p>\n\n\n\n<p><\/p>\n\n\n\n<p>Las <strong>Confesiones<\/strong> de TVCAN son sencillamente de los mejores programas del prime de FORTA al ser lo + visto de su canal de referencia con un 9.3% de cuota, 58.000 espectadores y 56.1% de fidelidad. \u00a1Grandes datos en todos los targets poblacionales!<\/p>\n\n\n\n<p><\/p>\n\n\n\n<p>Que buen prime de IB3 en el d\u00eda de ayer:  <strong>Jo en se m\u00e9s que tu<\/strong> contenido no informativo + visto del canal con un 9.2% y 30.000 espectadores. <strong>Fred i Calent <\/strong>anota un 5.4% de share y 15.000 espectadores.<\/p>\n\n\n\n<p><\/p>\n\n\n\n<figure class=\"wp-block-image size-full is-resized\"><img loading=\"lazy\" decoding=\"async\" src=\"https:\/\/www.dos30.com\/actualidad\/wp-content\/uploads\/2022\/04\/5.PAGO_-17.jpg\" alt=\"\" class=\"wp-image-7582\" width=\"838\" height=\"512\" srcset=\"https:\/\/www.dos30.com\/actualidad\/wp-content\/uploads\/2022\/04\/5.PAGO_-17.jpg 670w, https:\/\/www.dos30.com\/actualidad\/wp-content\/uploads\/2022\/04\/5.PAGO_-17-300x183.jpg 300w\" sizes=\"auto, (max-width: 838px) 100vw, 838px\" \/><\/figure>\n\n\n\n<p><\/p>\n\n\n\n<p><\/p>\n","protected":false},"excerpt":{"rendered":"<p>&#8216;Alba&#8217; contin\u00faa liderando su franja y &#8216;S\u00e1lvame&#8217; celebr\u00f3 ayer 13 a\u00f1os en nuestra televisi\u00f3n Cap\u00edtulazo de Alba en el prime de Antena 3 enamorando al 13.8% de cuota, 1.616.000 espectadores y 53.9% de fidelidad. \u00a1Mejor dato de los \u00faltimos 4 episodios! Suma 54.000 en Diferido. \u00a1Enhorabuena amig@s de Grupo Boomerang TV por esta gran serie! &hellip; <a href=\"https:\/\/www.dos30.com\/actualidad\/2022\/04\/28\/audiencias-27-abril-2022\/\" class=\"more-link\">Sigue leyendo <span class=\"screen-reader-text\">AUDIENCIAS 27 ABRIL 2022<\/span><\/a><\/p>\n","protected":false},"author":1,"featured_media":0,"comment_status":"closed","ping_status":"open","sticky":false,"template":"","format":"standard","meta":{"footnotes":""},"categories":[24],"tags":[],"class_list":["post-7576","post","type-post","status-publish","format-standard","hentry","category-audiencias-diarias"],"_links":{"self":[{"href":"https:\/\/www.dos30.com\/actualidad\/wp-json\/wp\/v2\/posts\/7576","targetHints":{"allow":["GET"]}}],"collection":[{"href":"https:\/\/www.dos30.com\/actualidad\/wp-json\/wp\/v2\/posts"}],"about":[{"href":"https:\/\/www.dos30.com\/actualidad\/wp-json\/wp\/v2\/types\/post"}],"author":[{"embeddable":true,"href":"https:\/\/www.dos30.com\/actualidad\/wp-json\/wp\/v2\/users\/1"}],"replies":[{"embeddable":true,"href":"https:\/\/www.dos30.com\/actualidad\/wp-json\/wp\/v2\/comments?post=7576"}],"version-history":[{"count":2,"href":"https:\/\/www.dos30.com\/actualidad\/wp-json\/wp\/v2\/posts\/7576\/revisions"}],"predecessor-version":[{"id":7584,"href":"https:\/\/www.dos30.com\/actualidad\/wp-json\/wp\/v2\/posts\/7576\/revisions\/7584"}],"wp:attachment":[{"href":"https:\/\/www.dos30.com\/actualidad\/wp-json\/wp\/v2\/media?parent=7576"}],"wp:term":[{"taxonomy":"category","embeddable":true,"href":"https:\/\/www.dos30.com\/actualidad\/wp-json\/wp\/v2\/categories?post=7576"},{"taxonomy":"post_tag","embeddable":true,"href":"https:\/\/www.dos30.com\/actualidad\/wp-json\/wp\/v2\/tags?post=7576"}],"curies":[{"name":"wp","href":"https:\/\/api.w.org\/{rel}","templated":true}]}}