{"id":7761,"date":"2022-05-17T07:51:44","date_gmt":"2022-05-17T06:51:44","guid":{"rendered":"https:\/\/www.dos30.com\/actualidad\/?p=7761"},"modified":"2022-05-17T09:49:51","modified_gmt":"2022-05-17T08:49:51","slug":"audiencias-16-mayo-2022","status":"publish","type":"post","link":"https:\/\/www.dos30.com\/actualidad\/2022\/05\/17\/audiencias-16-mayo-2022\/","title":{"rendered":"AUDIENCIAS 16 MAYO 2022"},"content":{"rendered":"\n<h2 class=\"wp-block-heading\">&#8216;MasterChef&#8217; (14.7%) brilla en el prime time de La1 y Antena 3 se proclama como la cadena m\u00e1s vista del d\u00eda<\/h2>\n\n\n\n<figure class=\"wp-block-image size-full is-resized\"><img loading=\"lazy\" decoding=\"async\" src=\"https:\/\/www.dos30.com\/actualidad\/wp-content\/uploads\/2022\/05\/1.NACIONAL-11.jpg\" alt=\"\" class=\"wp-image-7762\" width=\"839\" height=\"475\" srcset=\"https:\/\/www.dos30.com\/actualidad\/wp-content\/uploads\/2022\/05\/1.NACIONAL-11.jpg 721w, https:\/\/www.dos30.com\/actualidad\/wp-content\/uploads\/2022\/05\/1.NACIONAL-11-300x170.jpg 300w\" sizes=\"auto, (max-width: 839px) 100vw, 839px\" \/><\/figure>\n\n\n\n<p><strong>MasterChef <\/strong>se hizo anoche con el 14.7% de share en el prime time de La1. 1.721.000 espectadores vieron el programa y sum\u00f3 m\u00e1s de 5 millones de contactos. Supera en m\u00e1s de un 51% la media de la cadena en el d\u00eda. \u00a1L\u00cdDER en su franja!<\/p>\n\n\n\n<p><\/p>\n\n\n\n<p>La audiencia apoya <strong>Inocentes <\/strong>con su mejor cuota desde marzo al firmar un 11.4% de cuota y 956.000 espectadores La serie que ayer amplia y mucho su duraci\u00f3n hasta los 172 minutos aporta el 13.1% de la audiencia de Antena 3. \u00a12\u00aa opci\u00f3n!<\/p>\n\n\n\n<p><\/p>\n\n\n\n<p><strong>S\u00e1lvame <\/strong>se proclama L\u00cdDER de su franja otro d\u00eda m\u00e1s al promediar un 14.2% de share en sus 4h de duraci\u00f3n y super\u00f3 los 4.8 millones de contactos acumulados! <strong>S\u00e1lvame Lim\u00f3n <\/strong>12.4% share y 1.298.000 espectadores y <strong>S\u00e1lvame Naranja <\/strong>14.9% share y 1.318.000 espectadores.<\/p>\n\n\n\n<p><\/p>\n\n\n\n<p><strong>Todo es Mentira <\/strong>se elev\u00f3 al 6.1% de share y fue visto por 644.000 espectadores. El programa presentado ayer por Marta Flich super\u00f3 los 1.7 millones de contactos y se sit\u00faa en un +31.3% por encima del dato de Cuatro en el d\u00eda, \u00a1WOW!<\/p>\n\n\n\n<p><\/p>\n\n\n\n<p>Pero qu\u00e9 bien funciona <strong>Aqu\u00ed la Tierra <\/strong>en las tardes de La1. Ayer roz\u00f3 el 10% de share con Quico Taronj\u00ed al frente, super\u00f3 el mill\u00f3n de espectadores y consigue una gran fidelidad de m\u00e1s del 54%. \u00a1\u00a1BIEN!!<\/p>\n\n\n\n<p><\/p>\n\n\n\n<p>Y estos son los 3 programas que m\u00e1s aportan de laSexta en el d\u00eda: <strong>Al Rojo Vivo <\/strong>12.1% de cuota y 19.4% de aportaci\u00f3n a la cadena; <strong>M\u00e1s Vale Tarde <\/strong>6.4% y 14.9% de Acad% y <strong>El Intermedio<\/strong> 7.7% de cuota y 12.3% de Acad%.<\/p>\n\n\n\n<p><\/p>\n\n\n\n<figure class=\"wp-block-image size-full is-resized\"><img loading=\"lazy\" decoding=\"async\" src=\"https:\/\/www.dos30.com\/actualidad\/wp-content\/uploads\/2022\/05\/2.MINUTO-DE-ORO-10.jpg\" alt=\"\" class=\"wp-image-7764\" width=\"838\" height=\"235\" srcset=\"https:\/\/www.dos30.com\/actualidad\/wp-content\/uploads\/2022\/05\/2.MINUTO-DE-ORO-10.jpg 593w, https:\/\/www.dos30.com\/actualidad\/wp-content\/uploads\/2022\/05\/2.MINUTO-DE-ORO-10-300x84.jpg 300w\" sizes=\"auto, (max-width: 838px) 100vw, 838px\" \/><\/figure>\n\n\n\n<figure class=\"wp-block-image size-full is-resized\"><img loading=\"lazy\" decoding=\"async\" src=\"https:\/\/www.dos30.com\/actualidad\/wp-content\/uploads\/2022\/05\/3.SPOT-DE-ORO-11.jpg\" alt=\"\" class=\"wp-image-7765\" width=\"839\" height=\"220\" srcset=\"https:\/\/www.dos30.com\/actualidad\/wp-content\/uploads\/2022\/05\/3.SPOT-DE-ORO-11.jpg 727w, https:\/\/www.dos30.com\/actualidad\/wp-content\/uploads\/2022\/05\/3.SPOT-DE-ORO-11-300x79.jpg 300w\" sizes=\"auto, (max-width: 839px) 100vw, 839px\" \/><\/figure>\n\n\n\n<figure class=\"wp-block-image size-full is-resized\"><img loading=\"lazy\" decoding=\"async\" src=\"https:\/\/www.dos30.com\/actualidad\/wp-content\/uploads\/2022\/05\/4.FORTA_-10.jpg\" alt=\"\" class=\"wp-image-7766\" width=\"838\" height=\"509\" srcset=\"https:\/\/www.dos30.com\/actualidad\/wp-content\/uploads\/2022\/05\/4.FORTA_-10.jpg 673w, https:\/\/www.dos30.com\/actualidad\/wp-content\/uploads\/2022\/05\/4.FORTA_-10-300x182.jpg 300w\" sizes=\"auto, (max-width: 838px) 100vw, 838px\" \/><\/figure>\n\n\n\n<p>S\u00f3lido como una roca contin\u00faa <strong>En Jake<\/strong> en las ma\u00f1anas de ETB2. Ayer se hizo con el 12.2% de la audiencia vasca, lo que se traduce en 20.000 espectadores, 75.000 contactos y un enorme minuto a minuto creciente!<\/p>\n\n\n\n<p><\/p>\n\n\n\n<p>Pero qu\u00e9 maravilla de datos consigui\u00f3 anoche <strong>Cu\u00f1ados <\/strong>en el prime time de TVG. La peli se hizo con el 13.6% de share y super\u00f3 en m\u00e1s de un 38% la media de la cadena en el d\u00eda. Ojo porque lleg\u00f3 a los 88.000 espectadores.<\/p>\n\n\n\n<p><\/p>\n\n\n\n<p>Menudos datazos se marc\u00f3 ayer <strong>Sukalerrian <\/strong> al firmar un sobresaliente 5.2% de share en la ma\u00f1ana de ETB1. Joseba Argui\u00f1ano congreg\u00f3 a 13.000 espectadores y casi triplica la media de la cadena en el d\u00eda. Aporta m\u00e1s del 8% al dato total de la cadena.<\/p>\n\n\n\n<p><\/p>\n\n\n\n<p>El prime de los lunes en TPA es sencillamente brutal: <strong>El Picu <\/strong>con Ana Francisco 13.4% y 50.000 espectadores. <strong>Pueblos<\/strong>, 11.9% y 43.000 Enorme 9.1% para el canal en el d\u00eda.<\/p>\n\n\n\n<p><\/p>\n\n\n\n<p>Hasta el 5.2% de cuota se elev\u00f3 ayer <strong>Enamorados de Madrid<\/strong> en el prime time de Telemadrid. El programa logr\u00f3 ayer R\u00c9CORD DE AUDIENCIA al congregar a 89.000 espectadores, 265.000 contactos y +2.7% de plusval\u00edas frente al canal.<\/p>\n\n\n\n<p><\/p>\n\n\n\n<p>Elo\u00edsa Gonz\u00e1lez y <strong>Gente Maravillosa <\/strong>enamoran al 8.5% de cuota, 48.000 espectadores y 41.4% de fidelidad en la noche de TVCAN. Para los que dicen que las FORTAS no enganchan a la gente joven: el programa firma un 21.3% de 4 a 12 a\u00f1os.<\/p>\n\n\n\n<p><\/p>\n\n\n\n<figure class=\"wp-block-image size-full is-resized\"><img loading=\"lazy\" decoding=\"async\" src=\"https:\/\/www.dos30.com\/actualidad\/wp-content\/uploads\/2022\/05\/5.PAGO_-10.jpg\" alt=\"\" class=\"wp-image-7768\" width=\"839\" height=\"513\" srcset=\"https:\/\/www.dos30.com\/actualidad\/wp-content\/uploads\/2022\/05\/5.PAGO_-10.jpg 669w, https:\/\/www.dos30.com\/actualidad\/wp-content\/uploads\/2022\/05\/5.PAGO_-10-300x183.jpg 300w\" sizes=\"auto, (max-width: 839px) 100vw, 839px\" \/><\/figure>\n\n\n\n<p><\/p>\n","protected":false},"excerpt":{"rendered":"<p>&#8216;MasterChef&#8217; (14.7%) brilla en el prime time de La1 y Antena 3 se proclama como la cadena m\u00e1s vista del d\u00eda MasterChef se hizo anoche con el 14.7% de share en el prime time de La1. 1.721.000 espectadores vieron el programa y sum\u00f3 m\u00e1s de 5 millones de contactos. Supera en m\u00e1s de un 51% &hellip; <a href=\"https:\/\/www.dos30.com\/actualidad\/2022\/05\/17\/audiencias-16-mayo-2022\/\" class=\"more-link\">Sigue leyendo <span class=\"screen-reader-text\">AUDIENCIAS 16 MAYO 2022<\/span><\/a><\/p>\n","protected":false},"author":1,"featured_media":0,"comment_status":"closed","ping_status":"open","sticky":false,"template":"","format":"standard","meta":{"footnotes":""},"categories":[24],"tags":[],"class_list":["post-7761","post","type-post","status-publish","format-standard","hentry","category-audiencias-diarias"],"_links":{"self":[{"href":"https:\/\/www.dos30.com\/actualidad\/wp-json\/wp\/v2\/posts\/7761","targetHints":{"allow":["GET"]}}],"collection":[{"href":"https:\/\/www.dos30.com\/actualidad\/wp-json\/wp\/v2\/posts"}],"about":[{"href":"https:\/\/www.dos30.com\/actualidad\/wp-json\/wp\/v2\/types\/post"}],"author":[{"embeddable":true,"href":"https:\/\/www.dos30.com\/actualidad\/wp-json\/wp\/v2\/users\/1"}],"replies":[{"embeddable":true,"href":"https:\/\/www.dos30.com\/actualidad\/wp-json\/wp\/v2\/comments?post=7761"}],"version-history":[{"count":1,"href":"https:\/\/www.dos30.com\/actualidad\/wp-json\/wp\/v2\/posts\/7761\/revisions"}],"predecessor-version":[{"id":7769,"href":"https:\/\/www.dos30.com\/actualidad\/wp-json\/wp\/v2\/posts\/7761\/revisions\/7769"}],"wp:attachment":[{"href":"https:\/\/www.dos30.com\/actualidad\/wp-json\/wp\/v2\/media?parent=7761"}],"wp:term":[{"taxonomy":"category","embeddable":true,"href":"https:\/\/www.dos30.com\/actualidad\/wp-json\/wp\/v2\/categories?post=7761"},{"taxonomy":"post_tag","embeddable":true,"href":"https:\/\/www.dos30.com\/actualidad\/wp-json\/wp\/v2\/tags?post=7761"}],"curies":[{"name":"wp","href":"https:\/\/api.w.org\/{rel}","templated":true}]}}