{"id":7771,"date":"2022-05-18T07:52:21","date_gmt":"2022-05-18T06:52:21","guid":{"rendered":"https:\/\/www.dos30.com\/actualidad\/?p=7771"},"modified":"2022-05-18T10:09:54","modified_gmt":"2022-05-18T09:09:54","slug":"audiencias-17-mayo-2022","status":"publish","type":"post","link":"https:\/\/www.dos30.com\/actualidad\/2022\/05\/18\/audiencias-17-mayo-2022\/","title":{"rendered":"AUDIENCIAS 17 MAYO 2022"},"content":{"rendered":"\n<h2 class=\"wp-block-heading\">&#8216;Entrev\u00edas&#8217; (18.3%) se despide ante m\u00e1s de 1.8 millones de espectadores y Antena 3 (14.6%) se hace con el martes<\/h2>\n\n\n\n<figure class=\"wp-block-image size-full is-resized\"><img loading=\"lazy\" decoding=\"async\" src=\"https:\/\/www.dos30.com\/actualidad\/wp-content\/uploads\/2022\/05\/1.NACIONAL-12.jpg\" alt=\"\" class=\"wp-image-7772\" width=\"839\" height=\"475\" srcset=\"https:\/\/www.dos30.com\/actualidad\/wp-content\/uploads\/2022\/05\/1.NACIONAL-12.jpg 721w, https:\/\/www.dos30.com\/actualidad\/wp-content\/uploads\/2022\/05\/1.NACIONAL-12-300x170.jpg 300w\" sizes=\"auto, (max-width: 839px) 100vw, 839px\" \/><\/figure>\n\n\n\n<p><strong>Entrev\u00edas <\/strong>se despide L\u00cdDER de su franja, como todos los martes desde su estreno, ante 1.883.000 espectadores y el 18.3% de share, \u00a1siendo su 2\u00aa MEJOR CUOTA! La serie protagonizada por Jos\u00e9 Coronado roz\u00f3 los 3.4 millones de contactos y super\u00f3 en un +32.2% la media de Telecinco en el d\u00eda.<\/p>\n\n\n\n<p><\/p>\n\n\n\n<p><strong>La Noche D<\/strong>, con Chanel como invitada, se marc\u00f3 ayer un 10.9% de share y 1.196.000 espectadores. El programa en directo lleg\u00f3 a los 4.4 millones de contactos y supera en casi un 35% la media de la cadena en el d\u00eda. \u00a1Chanelazo para La1!<\/p>\n\n\n\n<p><\/p>\n\n\n\n<p><strong>Inocentes <\/strong>confirma su cambio de estrategia en el prime de Antena 3 alargando en unos 35 minutos los cap\u00edtulos de lunes y martes y qued\u00e1ndose ayer con el 9.9% de cuota, 841.000 espectadores y 34.1% de fidelidad . Por este motivo,  su aportaci\u00f3n a la cadena sube al 12%.<\/p>\n\n\n\n<p><\/p>\n\n\n\n<p><strong>Futura <\/strong>se marca un 5.2% de share y re\u00fane a 586.000 espectadores en su ESTRENO en el prime time de Cuatro. El programa presentado por Carmen Porter super\u00f3 los 2.5 millones de contactos y mejor\u00f3 en un +12.4% la media de la cadena en el d\u00eda.<\/p>\n\n\n\n<p><\/p>\n\n\n\n<p>Es una maravilla <strong>Rutas Bizarras<\/strong> para La2. El programa se hizo ayer con el 2.6% de la audiencia, dato que se traduce en 368.000 espectadores y m\u00e1s de 1.6 millones de contactos. Aporta m\u00e1s del 8% al dato total de La2 en el d\u00eda! \u00a1\u00a1MUY BIEN!!<\/p>\n\n\n\n<p><\/p>\n\n\n\n<p>Los <strong>Jugones<\/strong> con Pedrerol al mando gustan en laSexta al firmar un 6.6% de cuota, 741.000 espectadores y 1.262.000 contactos \u00fanicos acumulados Excelente valor comercial del 8.7%.<\/p>\n\n\n\n<p><\/p>\n\n\n\n<figure class=\"wp-block-image size-full is-resized\"><img loading=\"lazy\" decoding=\"async\" src=\"https:\/\/www.dos30.com\/actualidad\/wp-content\/uploads\/2022\/05\/2.MINUTO-DE-ORO-11.jpg\" alt=\"\" class=\"wp-image-7773\" width=\"839\" height=\"235\" srcset=\"https:\/\/www.dos30.com\/actualidad\/wp-content\/uploads\/2022\/05\/2.MINUTO-DE-ORO-11.jpg 593w, https:\/\/www.dos30.com\/actualidad\/wp-content\/uploads\/2022\/05\/2.MINUTO-DE-ORO-11-300x84.jpg 300w\" sizes=\"auto, (max-width: 839px) 100vw, 839px\" \/><\/figure>\n\n\n\n<figure class=\"wp-block-image size-full is-resized\"><img loading=\"lazy\" decoding=\"async\" src=\"https:\/\/www.dos30.com\/actualidad\/wp-content\/uploads\/2022\/05\/3.SPOT-DE-ORO-12.jpg\" alt=\"\" class=\"wp-image-7774\" width=\"840\" height=\"221\" srcset=\"https:\/\/www.dos30.com\/actualidad\/wp-content\/uploads\/2022\/05\/3.SPOT-DE-ORO-12.jpg 727w, https:\/\/www.dos30.com\/actualidad\/wp-content\/uploads\/2022\/05\/3.SPOT-DE-ORO-12-300x79.jpg 300w\" sizes=\"auto, (max-width: 840px) 100vw, 840px\" \/><\/figure>\n\n\n\n<figure class=\"wp-block-image size-full is-resized\"><img loading=\"lazy\" decoding=\"async\" src=\"https:\/\/www.dos30.com\/actualidad\/wp-content\/uploads\/2022\/05\/4.FORTA_-11.jpg\" alt=\"\" class=\"wp-image-7775\" width=\"841\" height=\"511\" srcset=\"https:\/\/www.dos30.com\/actualidad\/wp-content\/uploads\/2022\/05\/4.FORTA_-11.jpg 673w, https:\/\/www.dos30.com\/actualidad\/wp-content\/uploads\/2022\/05\/4.FORTA_-11-300x182.jpg 300w\" sizes=\"auto, (max-width: 841px) 100vw, 841px\" \/><\/figure>\n\n\n\n<p>Las ma\u00f1anas de <strong>ETB2<\/strong> son un valor seguro gracias a <strong>En Jake.<\/strong> El magaz\u00edn roz\u00f3 ayer el 11% de share y congreg\u00f3 a 20.000 espectadores. Adem\u00e1s, mejora en casi un +16% la media de la cadena en el d\u00eda. \u00a1\u00a1GRANDES!!<\/p>\n\n\n\n<p><\/p>\n\n\n\n<p>El especial gallego <strong>Tanxuverbena<\/strong> logr\u00f3 anoche un 11.7% de share y 77.000 espectadores en TVG. El programa dedicado a las Tanxugueiras super\u00f3 en m\u00e1s de un 30% la media de la cadena en el d\u00eda y aporta casi el 15% al dato de TVG. \u00a1WOWWW!<\/p>\n\n\n\n<p><\/p>\n\n\n\n<p>Vuela <strong>La Tarde Aqu\u00ed y Ahora <\/strong>como lo m\u00e1s visto de Canal Sur al firmar un 12.9% de cuota, 271.000 espectadores y 58% de fidelidad. Un +55.2% que la cuota del canal. En total aporta el 28.7% de la audiencia del canal.<\/p>\n\n\n\n<p><\/p>\n\n\n\n<p>Es indiscutible que <strong>Sukalerrian<\/strong> es uno de los pilares fundamentales de ETB1. Con Joseba Argui\u00f1ano al frente, el programa se marc\u00f3 ayer un 2.3% de share, dato que lo sit\u00faa un +24.1% por encima de la media del canal.<\/p>\n\n\n\n<p><\/p>\n\n\n\n<p>De principio a fin DATAZOS para el concurso <strong>Soy quien sabe m\u00e1s de la regi\u00f3n<\/strong> en la noche de CMM enamorando con su final al 6.9% de cuota, 38.000 espectadores y 29.6% de fidelidad. Aporta el 17.8% de la audiencia del canal OJO al 30.4% de 4 a 12 a\u00f1os, \u00a1l\u00edder!<\/p>\n\n\n\n<p><\/p>\n\n\n\n<figure class=\"wp-block-image size-full is-resized\"><img loading=\"lazy\" decoding=\"async\" src=\"https:\/\/www.dos30.com\/actualidad\/wp-content\/uploads\/2022\/05\/5.PAGO_-11.jpg\" alt=\"\" class=\"wp-image-7776\" width=\"842\" height=\"515\" srcset=\"https:\/\/www.dos30.com\/actualidad\/wp-content\/uploads\/2022\/05\/5.PAGO_-11.jpg 669w, https:\/\/www.dos30.com\/actualidad\/wp-content\/uploads\/2022\/05\/5.PAGO_-11-300x183.jpg 300w\" sizes=\"auto, (max-width: 842px) 100vw, 842px\" \/><\/figure>\n","protected":false},"excerpt":{"rendered":"<p>&#8216;Entrev\u00edas&#8217; (18.3%) se despide ante m\u00e1s de 1.8 millones de espectadores y Antena 3 (14.6%) se hace con el martes Entrev\u00edas se despide L\u00cdDER de su franja, como todos los martes desde su estreno, ante 1.883.000 espectadores y el 18.3% de share, \u00a1siendo su 2\u00aa MEJOR CUOTA! La serie protagonizada por Jos\u00e9 Coronado roz\u00f3 los &hellip; <a href=\"https:\/\/www.dos30.com\/actualidad\/2022\/05\/18\/audiencias-17-mayo-2022\/\" class=\"more-link\">Sigue leyendo <span class=\"screen-reader-text\">AUDIENCIAS 17 MAYO 2022<\/span><\/a><\/p>\n","protected":false},"author":1,"featured_media":0,"comment_status":"closed","ping_status":"open","sticky":false,"template":"","format":"standard","meta":{"footnotes":""},"categories":[24],"tags":[],"class_list":["post-7771","post","type-post","status-publish","format-standard","hentry","category-audiencias-diarias"],"_links":{"self":[{"href":"https:\/\/www.dos30.com\/actualidad\/wp-json\/wp\/v2\/posts\/7771","targetHints":{"allow":["GET"]}}],"collection":[{"href":"https:\/\/www.dos30.com\/actualidad\/wp-json\/wp\/v2\/posts"}],"about":[{"href":"https:\/\/www.dos30.com\/actualidad\/wp-json\/wp\/v2\/types\/post"}],"author":[{"embeddable":true,"href":"https:\/\/www.dos30.com\/actualidad\/wp-json\/wp\/v2\/users\/1"}],"replies":[{"embeddable":true,"href":"https:\/\/www.dos30.com\/actualidad\/wp-json\/wp\/v2\/comments?post=7771"}],"version-history":[{"count":6,"href":"https:\/\/www.dos30.com\/actualidad\/wp-json\/wp\/v2\/posts\/7771\/revisions"}],"predecessor-version":[{"id":7782,"href":"https:\/\/www.dos30.com\/actualidad\/wp-json\/wp\/v2\/posts\/7771\/revisions\/7782"}],"wp:attachment":[{"href":"https:\/\/www.dos30.com\/actualidad\/wp-json\/wp\/v2\/media?parent=7771"}],"wp:term":[{"taxonomy":"category","embeddable":true,"href":"https:\/\/www.dos30.com\/actualidad\/wp-json\/wp\/v2\/categories?post=7771"},{"taxonomy":"post_tag","embeddable":true,"href":"https:\/\/www.dos30.com\/actualidad\/wp-json\/wp\/v2\/tags?post=7771"}],"curies":[{"name":"wp","href":"https:\/\/api.w.org\/{rel}","templated":true}]}}