{"id":8093,"date":"2022-06-24T07:55:43","date_gmt":"2022-06-24T06:55:43","guid":{"rendered":"https:\/\/www.dos30.com\/actualidad\/?p=8093"},"modified":"2022-06-24T07:55:44","modified_gmt":"2022-06-24T06:55:44","slug":"audiencias-23-junio-2022","status":"publish","type":"post","link":"https:\/\/www.dos30.com\/actualidad\/2022\/06\/24\/audiencias-23-junio-2022\/","title":{"rendered":"AUDIENCIAS 23 JUNIO 2022"},"content":{"rendered":"\n<h2 class=\"wp-block-heading\">Telecinco (14.9%) lidera el d\u00eda y &#8216;Supervivientes&#8217; (20.5%) brilla un jueves m\u00e1s en el prime time<\/h2>\n\n\n\n<figure class=\"wp-block-image size-full is-resized\"><img loading=\"lazy\" decoding=\"async\" src=\"https:\/\/www.dos30.com\/actualidad\/wp-content\/uploads\/2022\/06\/1.NACIONAL-16.jpg\" alt=\"\" class=\"wp-image-8094\" width=\"841\" height=\"433\" srcset=\"https:\/\/www.dos30.com\/actualidad\/wp-content\/uploads\/2022\/06\/1.NACIONAL-16.jpg 746w, https:\/\/www.dos30.com\/actualidad\/wp-content\/uploads\/2022\/06\/1.NACIONAL-16-300x154.jpg 300w\" sizes=\"auto, (max-width: 841px) 100vw, 841px\" \/><\/figure>\n\n\n\n<p><strong>Supervivientes <\/strong>anota su 2\u00aa mejor cuota al elevarse hasta el gran 20.5% de share, \u00a1L\u00cdDER indiscutible! La gala presentada por Jorge Javier V\u00e1zquez fue visto por 1.709.000 espectadores, sum\u00f3 m\u00e1s de 5.5 millones de contactos y super\u00f3 en un +37.6% la media de Telecinco en el d\u00eda.<\/p>\n\n\n\n<p><\/p>\n\n\n\n<p>7.6% de share y 737.000 espectadores para el estreno de <strong>Parot <\/strong>en el prime time de La1. El primer episodio anota un 6.9% de share y 754.000 espectadores. El segundo episodio sube al 8.4% de share y 722.000 espectadores. El 41.4% de los espectadores del 1er episodio repiten en el 2\u00ba.<\/p>\n\n\n\n<p><\/p>\n\n\n\n<p>El 15.4% de los espectadores siguieron anoche a \u00d2scar Casas en Antena 3. <strong>El Hormiguero <\/strong>fue visto por 1.736.000 espectadores, m\u00e1s de 4.1 millones de contactos y supera en un +6% la media de la cadena en el d\u00eda.<\/p>\n\n\n\n<p><\/p>\n\n\n\n<p><strong>Horizonte <\/strong>gust\u00f3 al 5.1% share y 411.000 espectadores en el prime time de Cuatro. El programa presentado por Iker Jim\u00e9nez y Carmen Porter sum\u00f3 m\u00e1s de 2.4 millones de contactos, +17.2% plusval\u00edas y fue el programa de mayor aportaci\u00f3n al dato de ayer de Cuatro.<\/p>\n\n\n\n<p><\/p>\n\n\n\n<p>El \u00faltimo <strong>Obrim Fil <\/strong>en RTVE Catalunya logr\u00f3 un magn\u00edfico 7.1% de share y 44.000 espectadores. El programa mejora en un +5% la media de La1 en Catalu\u00f1a y logra uno de sus MEJORES RESULTADOS de la temporada!<\/p>\n\n\n\n<figure class=\"wp-block-image size-full is-resized\"><img loading=\"lazy\" decoding=\"async\" src=\"https:\/\/www.dos30.com\/actualidad\/wp-content\/uploads\/2022\/06\/2.MINUTO-DE-ORO-15.jpg\" alt=\"\" class=\"wp-image-8095\" width=\"841\" height=\"227\" srcset=\"https:\/\/www.dos30.com\/actualidad\/wp-content\/uploads\/2022\/06\/2.MINUTO-DE-ORO-15.jpg 763w, https:\/\/www.dos30.com\/actualidad\/wp-content\/uploads\/2022\/06\/2.MINUTO-DE-ORO-15-300x81.jpg 300w\" sizes=\"auto, (max-width: 841px) 100vw, 841px\" \/><\/figure>\n\n\n\n<figure class=\"wp-block-image size-full\"><img loading=\"lazy\" decoding=\"async\" width=\"918\" height=\"238\" src=\"https:\/\/www.dos30.com\/actualidad\/wp-content\/uploads\/2022\/06\/3.SPOT-DE-ORO-14.jpg\" alt=\"\" class=\"wp-image-8096\" srcset=\"https:\/\/www.dos30.com\/actualidad\/wp-content\/uploads\/2022\/06\/3.SPOT-DE-ORO-14.jpg 918w, https:\/\/www.dos30.com\/actualidad\/wp-content\/uploads\/2022\/06\/3.SPOT-DE-ORO-14-300x78.jpg 300w, https:\/\/www.dos30.com\/actualidad\/wp-content\/uploads\/2022\/06\/3.SPOT-DE-ORO-14-768x199.jpg 768w\" sizes=\"auto, (max-width: 918px) 100vw, 918px\" \/><\/figure>\n\n\n\n<figure class=\"wp-block-image size-full is-resized\"><img loading=\"lazy\" decoding=\"async\" src=\"https:\/\/www.dos30.com\/actualidad\/wp-content\/uploads\/2022\/06\/4.FORTA_-14.jpg\" alt=\"\" class=\"wp-image-8097\" width=\"843\" height=\"466\" srcset=\"https:\/\/www.dos30.com\/actualidad\/wp-content\/uploads\/2022\/06\/4.FORTA_-14.jpg 694w, https:\/\/www.dos30.com\/actualidad\/wp-content\/uploads\/2022\/06\/4.FORTA_-14-300x166.jpg 300w\" sizes=\"auto, (max-width: 843px) 100vw, 843px\" \/><\/figure>\n\n\n\n<p>Bien <strong>APM<\/strong> en la noche de ayer al firmar un 14.3% de share. Un total de 191.000 espectadores siguieron ayer el programa en el access prime time de TV3 con un buen minuto a minuto en el tramo final del programa.<\/p>\n\n\n\n<p><\/p>\n\n\n\n<p><strong>Noche de San Juan <\/strong>lleg\u00f3 ayer al 3.6% de cuota en RTVC. El especial &#8216;<strong>Fiestas Fundacionales 2022<\/strong>&#8216; fue seguido por 17.000 espectadores en la noche canaria y m\u00e1s de 100.000 contactos acumulados. Un 8% de aportaci\u00f3n al canal.<\/p>\n\n\n\n<p><\/p>\n\n\n\n<p><strong>A Bocados <\/strong>sigue consiguiendo grandes datos en la tarde de ETB2 y es que ayer se hace con el 8.8% de share y 37.000 espectadores. Ojo porque supera en m\u00e1s de un 15% la media de la cadena en el total del d\u00eda. \u00a1Vamos!<\/p>\n\n\n\n<p><\/p>\n\n\n\n<p>Currazo el que se pegaron ayer los compis de TVG al cubrir el especial <strong>San Xo\u00e1n<\/strong> en prime time. El programa firm\u00f3 un excelente 10.9% de share, 66.000 espectadores y supera la media del canal en un +9.1%. \u00a1GRANDES!<\/p>\n\n\n\n<p><\/p>\n\n\n\n<p>\u00bfQu\u00e9 tienen en com\u00fan <strong>En Compa\u00f1\u00eda <\/strong>y <strong>La Tarde Aqu\u00ed y Ahora<\/strong>? Que ambos logran ayer un 12.1% de share en sus respectivas cadenas (CMM y Canal Sur) con un minuto a minuto impresionante. Ambos programas son un valor asegurado para sus canales.<\/p>\n\n\n\n<p><\/p>\n\n\n\n<p>La cadena balear <strong>IB3<\/strong> est\u00e1 de ENHORABUENA porque ayer alcanz\u00f3 un excelente 11.1% de share en el d\u00eda. MEJOR RESULTADO DIARIO desde octubre de 2018. Un 10.3% de share para &#8216;<strong>5 Dies<\/strong>&#8216; y 12.3% de share para &#8216;<strong>Uep com anam?<\/strong>&#8216;.<\/p>\n\n\n\n<p><\/p>\n\n\n\n<figure class=\"wp-block-image size-full is-resized\"><img loading=\"lazy\" decoding=\"async\" src=\"https:\/\/www.dos30.com\/actualidad\/wp-content\/uploads\/2022\/06\/5.PAGO_-15.jpg\" alt=\"\" class=\"wp-image-8098\" width=\"843\" height=\"467\" srcset=\"https:\/\/www.dos30.com\/actualidad\/wp-content\/uploads\/2022\/06\/5.PAGO_-15.jpg 693w, https:\/\/www.dos30.com\/actualidad\/wp-content\/uploads\/2022\/06\/5.PAGO_-15-300x166.jpg 300w\" sizes=\"auto, (max-width: 843px) 100vw, 843px\" \/><\/figure>\n","protected":false},"excerpt":{"rendered":"<p>Telecinco (14.9%) lidera el d\u00eda y &#8216;Supervivientes&#8217; (20.5%) brilla un jueves m\u00e1s en el prime time Supervivientes anota su 2\u00aa mejor cuota al elevarse hasta el gran 20.5% de share, \u00a1L\u00cdDER indiscutible! La gala presentada por Jorge Javier V\u00e1zquez fue visto por 1.709.000 espectadores, sum\u00f3 m\u00e1s de 5.5 millones de contactos y super\u00f3 en un &hellip; <a href=\"https:\/\/www.dos30.com\/actualidad\/2022\/06\/24\/audiencias-23-junio-2022\/\" class=\"more-link\">Sigue leyendo <span class=\"screen-reader-text\">AUDIENCIAS 23 JUNIO 2022<\/span><\/a><\/p>\n","protected":false},"author":1,"featured_media":0,"comment_status":"closed","ping_status":"open","sticky":false,"template":"","format":"standard","meta":{"footnotes":""},"categories":[24],"tags":[],"class_list":["post-8093","post","type-post","status-publish","format-standard","hentry","category-audiencias-diarias"],"_links":{"self":[{"href":"https:\/\/www.dos30.com\/actualidad\/wp-json\/wp\/v2\/posts\/8093","targetHints":{"allow":["GET"]}}],"collection":[{"href":"https:\/\/www.dos30.com\/actualidad\/wp-json\/wp\/v2\/posts"}],"about":[{"href":"https:\/\/www.dos30.com\/actualidad\/wp-json\/wp\/v2\/types\/post"}],"author":[{"embeddable":true,"href":"https:\/\/www.dos30.com\/actualidad\/wp-json\/wp\/v2\/users\/1"}],"replies":[{"embeddable":true,"href":"https:\/\/www.dos30.com\/actualidad\/wp-json\/wp\/v2\/comments?post=8093"}],"version-history":[{"count":1,"href":"https:\/\/www.dos30.com\/actualidad\/wp-json\/wp\/v2\/posts\/8093\/revisions"}],"predecessor-version":[{"id":8099,"href":"https:\/\/www.dos30.com\/actualidad\/wp-json\/wp\/v2\/posts\/8093\/revisions\/8099"}],"wp:attachment":[{"href":"https:\/\/www.dos30.com\/actualidad\/wp-json\/wp\/v2\/media?parent=8093"}],"wp:term":[{"taxonomy":"category","embeddable":true,"href":"https:\/\/www.dos30.com\/actualidad\/wp-json\/wp\/v2\/categories?post=8093"},{"taxonomy":"post_tag","embeddable":true,"href":"https:\/\/www.dos30.com\/actualidad\/wp-json\/wp\/v2\/tags?post=8093"}],"curies":[{"name":"wp","href":"https:\/\/api.w.org\/{rel}","templated":true}]}}