{"id":8100,"date":"2022-06-25T09:22:59","date_gmt":"2022-06-25T08:22:59","guid":{"rendered":"https:\/\/www.dos30.com\/actualidad\/?p=8100"},"modified":"2022-06-25T09:23:06","modified_gmt":"2022-06-25T08:23:06","slug":"audiencias-24-junio-2022","status":"publish","type":"post","link":"https:\/\/www.dos30.com\/actualidad\/2022\/06\/25\/audiencias-24-junio-2022\/","title":{"rendered":"AUDIENCIAS 24 JUNIO 2022"},"content":{"rendered":"\n<h2 class=\"wp-block-heading\">Antena 3 (14.7%) lidera el d\u00eda y destaca en prime time con &#8216;La Voz Kids&#8217; (14.9%)<\/h2>\n\n\n\n<figure class=\"wp-block-image size-full\"><img loading=\"lazy\" decoding=\"async\" width=\"969\" height=\"529\" src=\"https:\/\/www.dos30.com\/actualidad\/wp-content\/uploads\/2022\/06\/1-4.jpg\" alt=\"\" class=\"wp-image-8101\" srcset=\"https:\/\/www.dos30.com\/actualidad\/wp-content\/uploads\/2022\/06\/1-4.jpg 969w, https:\/\/www.dos30.com\/actualidad\/wp-content\/uploads\/2022\/06\/1-4-300x164.jpg 300w, https:\/\/www.dos30.com\/actualidad\/wp-content\/uploads\/2022\/06\/1-4-768x419.jpg 768w\" sizes=\"auto, (max-width: 969px) 100vw, 969px\" \/><\/figure>\n\n\n\n<p><strong>La Voz Kids<\/strong> es L\u00cdDER en el prime time registrando un 14.9% de share y 1.397.000 espectadores. M\u00e1s de 4.2 millones de espectadores conectan en alg\u00fan momento con el programa. Aporta el 20.1% del dato del canal en el d\u00eda.<\/p>\n\n\n\n<p>Casi 5 millones de espectadores conectaron en alg\u00fan momento con <strong>Viernes Deluxe<\/strong>, en el prime time de Telecinco, que firma un 12.7% y 1.017.000 espectadores. Crece al 17% de share en mujeres y 14.5% en adultos j\u00f3venes de 25 a 44 a\u00f1os.<\/p>\n\n\n\n<p><strong>Antena 3 Noticias 1<\/strong>, con Sandra Golpe al frente, es LO + VISTO del d\u00eda congregando a 2.038.000 espectadores con un 20.6% de share.<\/p>\n\n\n\n<p><strong>Pasapalabra <\/strong>es el programa no informativo m\u00e1s visto del d\u00eda con un 23.8% de share y 1.896.000 espectadores. Supera el 31% de share en sus minutos finales durante el rosco. Tiene un fidelidad espectacular (56.9%).<\/p>\n\n\n\n<p>Se mantiene bien el prime time cl\u00e1sico de la noche de los viernes en laSexta con <strong>laSextaColumna <\/strong>(5.1% y 497.000 espectadores) y <strong>Equipo de investigaci\u00f3n<\/strong> (5% y 547.000 espectadores).<\/p>\n\n\n\n<figure class=\"wp-block-image size-full\"><img loading=\"lazy\" decoding=\"async\" width=\"791\" height=\"206\" src=\"https:\/\/www.dos30.com\/actualidad\/wp-content\/uploads\/2022\/06\/4-4.jpg\" alt=\"\" class=\"wp-image-8102\" srcset=\"https:\/\/www.dos30.com\/actualidad\/wp-content\/uploads\/2022\/06\/4-4.jpg 791w, https:\/\/www.dos30.com\/actualidad\/wp-content\/uploads\/2022\/06\/4-4-300x78.jpg 300w, https:\/\/www.dos30.com\/actualidad\/wp-content\/uploads\/2022\/06\/4-4-768x200.jpg 768w\" sizes=\"auto, (max-width: 791px) 100vw, 791px\" \/><\/figure>\n\n\n\n<figure class=\"wp-block-image size-full\"><img loading=\"lazy\" decoding=\"async\" width=\"976\" height=\"238\" src=\"https:\/\/www.dos30.com\/actualidad\/wp-content\/uploads\/2022\/06\/5-4.jpg\" alt=\"\" class=\"wp-image-8103\" srcset=\"https:\/\/www.dos30.com\/actualidad\/wp-content\/uploads\/2022\/06\/5-4.jpg 976w, https:\/\/www.dos30.com\/actualidad\/wp-content\/uploads\/2022\/06\/5-4-300x73.jpg 300w, https:\/\/www.dos30.com\/actualidad\/wp-content\/uploads\/2022\/06\/5-4-768x187.jpg 768w\" sizes=\"auto, (max-width: 976px) 100vw, 976px\" \/><\/figure>\n\n\n\n<figure class=\"wp-block-image size-full\"><img loading=\"lazy\" decoding=\"async\" width=\"900\" height=\"529\" src=\"https:\/\/www.dos30.com\/actualidad\/wp-content\/uploads\/2022\/06\/2-4.jpg\" alt=\"\" class=\"wp-image-8104\" srcset=\"https:\/\/www.dos30.com\/actualidad\/wp-content\/uploads\/2022\/06\/2-4.jpg 900w, https:\/\/www.dos30.com\/actualidad\/wp-content\/uploads\/2022\/06\/2-4-300x176.jpg 300w, https:\/\/www.dos30.com\/actualidad\/wp-content\/uploads\/2022\/06\/2-4-768x451.jpg 768w\" sizes=\"auto, (max-width: 900px) 100vw, 900px\" \/><\/figure>\n\n\n\n<p>Tras la final de la semana pasada, el especial con los mejores momentos de <strong>Euf\u00f2ria <\/strong>en TV3 firma un 17% y 285.000 espectadores. Programa no informativo m\u00e1s visto en Catalu\u00f1a y arasa en ni\u00f1os de 4 a 12 a\u00f1os (66.5%) y j\u00f3venes de 13 a 24 (23%).<\/p>\n\n\n\n<p><strong>El Show De Bert\u00edn<\/strong> firma su mejor dato desde el 6 de mayo con un 10.4% de share y congregando a 168.000 espectadores. Se sit\u00faa un +13.2% por encima de la media de Canal Sur en el d\u00eda.<\/p>\n\n\n\n<p>El m\u00edtico <strong>Luar <\/strong>registra un estupendo 13.7% y 81.000 espectadores en TVG. Aporta el 36% del dato del canal en el d\u00eda y crece al 29.5% de share en mayores de 65 a\u00f1os,<\/p>\n\n\n\n<p>Datazos del especial por <strong>Sant Joan<\/strong> en el prime time de IB3 con un 13.9% de share en sus m\u00e1s de cuatro horas de duraci\u00f3n. 125.000 espectadores conectaron en alg\u00fan momento con el especial . IB3 registra un 11.6% en el d\u00eda.<\/p>\n\n\n\n<p><strong>Fogueres 2022<\/strong> en \u00c0 Punt con su programaci\u00f3n especial firma un 4.5% de share y 35.000 espectadores. 272.000 espectadores conectaron en alg\u00fan momento para ver la <strong>Crem\u00e0<\/strong>. Se sit\u00faa un +20.3% por encima de la media del canal<\/p>\n\n\n\n<figure class=\"wp-block-image size-full\"><img loading=\"lazy\" decoding=\"async\" width=\"892\" height=\"529\" src=\"https:\/\/www.dos30.com\/actualidad\/wp-content\/uploads\/2022\/06\/3-4.jpg\" alt=\"\" class=\"wp-image-8105\" srcset=\"https:\/\/www.dos30.com\/actualidad\/wp-content\/uploads\/2022\/06\/3-4.jpg 892w, https:\/\/www.dos30.com\/actualidad\/wp-content\/uploads\/2022\/06\/3-4-300x178.jpg 300w, https:\/\/www.dos30.com\/actualidad\/wp-content\/uploads\/2022\/06\/3-4-768x455.jpg 768w\" sizes=\"auto, (max-width: 892px) 100vw, 892px\" \/><\/figure>\n","protected":false},"excerpt":{"rendered":"<p>Antena 3 (14.7%) lidera el d\u00eda y destaca en prime time con &#8216;La Voz Kids&#8217; (14.9%) La Voz Kids es L\u00cdDER en el prime time registrando un 14.9% de share y 1.397.000 espectadores. M\u00e1s de 4.2 millones de espectadores conectan en alg\u00fan momento con el programa. Aporta el 20.1% del dato del canal en el &hellip; <a href=\"https:\/\/www.dos30.com\/actualidad\/2022\/06\/25\/audiencias-24-junio-2022\/\" class=\"more-link\">Sigue leyendo <span class=\"screen-reader-text\">AUDIENCIAS 24 JUNIO 2022<\/span><\/a><\/p>\n","protected":false},"author":1,"featured_media":0,"comment_status":"closed","ping_status":"open","sticky":false,"template":"","format":"standard","meta":{"footnotes":""},"categories":[24],"tags":[],"class_list":["post-8100","post","type-post","status-publish","format-standard","hentry","category-audiencias-diarias"],"_links":{"self":[{"href":"https:\/\/www.dos30.com\/actualidad\/wp-json\/wp\/v2\/posts\/8100","targetHints":{"allow":["GET"]}}],"collection":[{"href":"https:\/\/www.dos30.com\/actualidad\/wp-json\/wp\/v2\/posts"}],"about":[{"href":"https:\/\/www.dos30.com\/actualidad\/wp-json\/wp\/v2\/types\/post"}],"author":[{"embeddable":true,"href":"https:\/\/www.dos30.com\/actualidad\/wp-json\/wp\/v2\/users\/1"}],"replies":[{"embeddable":true,"href":"https:\/\/www.dos30.com\/actualidad\/wp-json\/wp\/v2\/comments?post=8100"}],"version-history":[{"count":1,"href":"https:\/\/www.dos30.com\/actualidad\/wp-json\/wp\/v2\/posts\/8100\/revisions"}],"predecessor-version":[{"id":8106,"href":"https:\/\/www.dos30.com\/actualidad\/wp-json\/wp\/v2\/posts\/8100\/revisions\/8106"}],"wp:attachment":[{"href":"https:\/\/www.dos30.com\/actualidad\/wp-json\/wp\/v2\/media?parent=8100"}],"wp:term":[{"taxonomy":"category","embeddable":true,"href":"https:\/\/www.dos30.com\/actualidad\/wp-json\/wp\/v2\/categories?post=8100"},{"taxonomy":"post_tag","embeddable":true,"href":"https:\/\/www.dos30.com\/actualidad\/wp-json\/wp\/v2\/tags?post=8100"}],"curies":[{"name":"wp","href":"https:\/\/api.w.org\/{rel}","templated":true}]}}